{"id":10878,"date":"2019-03-07T12:53:09","date_gmt":"2019-03-07T11:53:09","guid":{"rendered":"http:\/\/henning-foerster.de\/?p=10878"},"modified":"2019-03-15T12:53:58","modified_gmt":"2019-03-15T11:53:58","slug":"zu-besuch-auf-der-itb","status":"publish","type":"post","link":"https:\/\/henning-foerster.de\/?p=10878","title":{"rendered":"Zu Besuch auf der ITB"},"content":{"rendered":"<p>[Not a valid template]<\/p>\n<p style=\"text-align: justify;\">Mit meinem Kollegen <a class=\"profileLink\" href=\"https:\/\/www.facebook.com\/torsten.koplin.35?__tn__=K-R&amp;eid=ARD2OZ1lBQAcch4JzlSUn6cL_SR4MDttuvCpK8sKw8pw062Q9Riz_7GI4ruC1Op9MSRp_c25iYmFHwsw&amp;fref=mentions&amp;__xts__%5B0%5D=68.ARBPMMxmmEqDaiGEGt8crDCP41172N2KISyouOfHyHYbkvc8sLfvU_I-IphQ4jDoH0APfe0w3Rt0f6J13Zs7U1bFV8yo4Bq7Hxgqylz3M8RkptIeTsCG3r0NMbw6JGUA8iIHEgnZzXfbVKDYxGJ9q-EdtRokiRWX7mJW-ZRvIGpeOsHBa2rsjD_bXlq8e6sq9BH1_oCAWTM0O8eP8Q2Qw-CnHbYwBn-nJH1g5rj0M8l7Sp7twnmGWWh643UVRnb-LUczGocBeAJA_QnaYuDc-z5EB7Qmsyt106zXgQhVrjqAv5Qhpu-ARQ2o6z7YL18sFRk5qzP-c2QgQq3rqZJFBuA\" data-hovercard=\"\/ajax\/hovercard\/user.php?id=100005099342221&amp;extragetparams=%7B%22__tn__%22%3A%22%2CdK-R-R%22%2C%22eid%22%3A%22ARD2OZ1lBQAcch4JzlSUn6cL_SR4MDttuvCpK8sKw8pw062Q9Riz_7GI4ruC1Op9MSRp_c25iYmFHwsw%22%2C%22fref%22%3A%22mentions%22%7D\" data-hovercard-prefer-more-content-show=\"1\">Torsten Koplin<\/a> und dem Wirtschaftsausschuss habe ich heute die ITB besucht. Es gab Erfreuliches und Nachdenkliches zu h\u00f6ren. W\u00e4hrend die Zahl der \u00dcbernachtungen wieder zugenommen hat, trifft der Fachkr\u00e4ftemangel die Branche mit voller Wucht. Zwei von vielen Gr\u00fcnden: nach wie vor schwierige Arbeitsbedingungen und Nachholbedarf bei den L\u00f6hnen.<\/p>\n","protected":false},"excerpt":{"rendered":"<p>[Not a valid template] Mit meinem Kollegen Torsten Koplin und dem Wirtschaftsausschuss habe ich heute die ITB besucht. Es gab Erfreuliches und Nachdenkliches zu h\u00f6ren. W\u00e4hrend die Zahl der \u00dcbernachtungen wieder zugenommen hat, trifft der Fachkr\u00e4ftemangel die Branche mit voller Wucht. Zwei von vielen Gr\u00fcnden: nach wie vor schwierige Arbeitsbedingungen und Nachholbedarf bei den L\u00f6hnen.<\/p>\n","protected":false},"author":1,"featured_media":0,"comment_status":"closed","ping_status":"closed","sticky":false,"template":"","format":"standard","meta":{"ngg_post_thumbnail":0,"footnotes":""},"categories":[3],"tags":[],"class_list":["post-10878","post","type-post","status-publish","format-standard","hentry","category-allgemein"],"_links":{"self":[{"href":"https:\/\/henning-foerster.de\/index.php?rest_route=\/wp\/v2\/posts\/10878","targetHints":{"allow":["GET"]}}],"collection":[{"href":"https:\/\/henning-foerster.de\/index.php?rest_route=\/wp\/v2\/posts"}],"about":[{"href":"https:\/\/henning-foerster.de\/index.php?rest_route=\/wp\/v2\/types\/post"}],"author":[{"embeddable":true,"href":"https:\/\/henning-foerster.de\/index.php?rest_route=\/wp\/v2\/users\/1"}],"replies":[{"embeddable":true,"href":"https:\/\/henning-foerster.de\/index.php?rest_route=%2Fwp%2Fv2%2Fcomments&post=10878"}],"version-history":[{"count":1,"href":"https:\/\/henning-foerster.de\/index.php?rest_route=\/wp\/v2\/posts\/10878\/revisions"}],"predecessor-version":[{"id":10880,"href":"https:\/\/henning-foerster.de\/index.php?rest_route=\/wp\/v2\/posts\/10878\/revisions\/10880"}],"wp:attachment":[{"href":"https:\/\/henning-foerster.de\/index.php?rest_route=%2Fwp%2Fv2%2Fmedia&parent=10878"}],"wp:term":[{"taxonomy":"category","embeddable":true,"href":"https:\/\/henning-foerster.de\/index.php?rest_route=%2Fwp%2Fv2%2Fcategories&post=10878"},{"taxonomy":"post_tag","embeddable":true,"href":"https:\/\/henning-foerster.de\/index.php?rest_route=%2Fwp%2Fv2%2Ftags&post=10878"}],"curies":[{"name":"wp","href":"https:\/\/api.w.org\/{rel}","templated":true}]}}