{"id":10740,"date":"2018-12-11T15:17:29","date_gmt":"2018-12-11T14:17:29","guid":{"rendered":"http:\/\/henning-foerster.de\/?p=10740"},"modified":"2018-12-13T15:18:28","modified_gmt":"2018-12-13T14:18:28","slug":"mahnwache-der-postbeschaeftigten-in-schwerin","status":"publish","type":"post","link":"https:\/\/henning-foerster.de\/?p=10740","title":{"rendered":"Mahnwache der Postbesch\u00e4ftigten in Schwerin"},"content":{"rendered":"<p>[Not a valid template]<\/p>\n<p style=\"text-align: justify;\">Heute haben die Besch\u00e4ftigten des Schweriner Briefzentrums eine Mahnwache vor den T\u00fcren der Staatskanzlei abgehalten. Wir unterst\u00fctzen ihren Kampf um die dauerhafte Sicherung der Arbeitspl\u00e4tze in Schwerin. Am Freitag befasst sich der Landtag mit d\u00e8m Thema.<\/p>\n","protected":false},"excerpt":{"rendered":"<p>[Not a valid template] Heute haben die Besch\u00e4ftigten des Schweriner Briefzentrums eine Mahnwache vor den T\u00fcren der Staatskanzlei abgehalten. Wir unterst\u00fctzen ihren Kampf um die dauerhafte Sicherung der Arbeitspl\u00e4tze in Schwerin. Am Freitag befasst sich der Landtag mit d\u00e8m Thema.<\/p>\n","protected":false},"author":1,"featured_media":0,"comment_status":"closed","ping_status":"closed","sticky":false,"template":"","format":"standard","meta":{"ngg_post_thumbnail":0,"footnotes":""},"categories":[3],"tags":[],"class_list":["post-10740","post","type-post","status-publish","format-standard","hentry","category-allgemein"],"_links":{"self":[{"href":"https:\/\/henning-foerster.de\/index.php?rest_route=\/wp\/v2\/posts\/10740","targetHints":{"allow":["GET"]}}],"collection":[{"href":"https:\/\/henning-foerster.de\/index.php?rest_route=\/wp\/v2\/posts"}],"about":[{"href":"https:\/\/henning-foerster.de\/index.php?rest_route=\/wp\/v2\/types\/post"}],"author":[{"embeddable":true,"href":"https:\/\/henning-foerster.de\/index.php?rest_route=\/wp\/v2\/users\/1"}],"replies":[{"embeddable":true,"href":"https:\/\/henning-foerster.de\/index.php?rest_route=%2Fwp%2Fv2%2Fcomments&post=10740"}],"version-history":[{"count":1,"href":"https:\/\/henning-foerster.de\/index.php?rest_route=\/wp\/v2\/posts\/10740\/revisions"}],"predecessor-version":[{"id":10742,"href":"https:\/\/henning-foerster.de\/index.php?rest_route=\/wp\/v2\/posts\/10740\/revisions\/10742"}],"wp:attachment":[{"href":"https:\/\/henning-foerster.de\/index.php?rest_route=%2Fwp%2Fv2%2Fmedia&parent=10740"}],"wp:term":[{"taxonomy":"category","embeddable":true,"href":"https:\/\/henning-foerster.de\/index.php?rest_route=%2Fwp%2Fv2%2Fcategories&post=10740"},{"taxonomy":"post_tag","embeddable":true,"href":"https:\/\/henning-foerster.de\/index.php?rest_route=%2Fwp%2Fv2%2Ftags&post=10740"}],"curies":[{"name":"wp","href":"https:\/\/api.w.org\/{rel}","templated":true}]}}