{"id":10588,"date":"2018-11-21T10:13:59","date_gmt":"2018-11-21T09:13:59","guid":{"rendered":"http:\/\/henning-foerster.de\/?p=10588"},"modified":"2018-11-22T10:15:00","modified_gmt":"2018-11-22T09:15:00","slug":"neuer-hort-schwerin-mitte-offiziell-eroeffnet","status":"publish","type":"post","link":"https:\/\/henning-foerster.de\/?p=10588","title":{"rendered":"Neuer Hort Schwerin Mitte offiziell er\u00f6ffnet"},"content":{"rendered":"<p>[Not a valid template]<\/p>\n<p style=\"text-align: justify;\">Mein Kind durfte ihn im Rahmen flexibler Ferientage schon selbst nutzen und auch als Eltern wurden wir von der Leiterin vor kurzem schon durch die R\u00e4ume gef\u00fchrt. Heute wurde der neue Hort nun auch offiziell er\u00f6ffnet.<\/p>\n","protected":false},"excerpt":{"rendered":"<p>[Not a valid template] Mein Kind durfte ihn im Rahmen flexibler Ferientage schon selbst nutzen und auch als Eltern wurden wir von der Leiterin vor kurzem schon durch die R\u00e4ume gef\u00fchrt. Heute wurde der neue Hort nun auch offiziell er\u00f6ffnet.<\/p>\n","protected":false},"author":1,"featured_media":0,"comment_status":"closed","ping_status":"closed","sticky":false,"template":"","format":"standard","meta":{"ngg_post_thumbnail":0,"footnotes":""},"categories":[3],"tags":[],"class_list":["post-10588","post","type-post","status-publish","format-standard","hentry","category-allgemein"],"_links":{"self":[{"href":"https:\/\/henning-foerster.de\/index.php?rest_route=\/wp\/v2\/posts\/10588","targetHints":{"allow":["GET"]}}],"collection":[{"href":"https:\/\/henning-foerster.de\/index.php?rest_route=\/wp\/v2\/posts"}],"about":[{"href":"https:\/\/henning-foerster.de\/index.php?rest_route=\/wp\/v2\/types\/post"}],"author":[{"embeddable":true,"href":"https:\/\/henning-foerster.de\/index.php?rest_route=\/wp\/v2\/users\/1"}],"replies":[{"embeddable":true,"href":"https:\/\/henning-foerster.de\/index.php?rest_route=%2Fwp%2Fv2%2Fcomments&post=10588"}],"version-history":[{"count":1,"href":"https:\/\/henning-foerster.de\/index.php?rest_route=\/wp\/v2\/posts\/10588\/revisions"}],"predecessor-version":[{"id":10590,"href":"https:\/\/henning-foerster.de\/index.php?rest_route=\/wp\/v2\/posts\/10588\/revisions\/10590"}],"wp:attachment":[{"href":"https:\/\/henning-foerster.de\/index.php?rest_route=%2Fwp%2Fv2%2Fmedia&parent=10588"}],"wp:term":[{"taxonomy":"category","embeddable":true,"href":"https:\/\/henning-foerster.de\/index.php?rest_route=%2Fwp%2Fv2%2Fcategories&post=10588"},{"taxonomy":"post_tag","embeddable":true,"href":"https:\/\/henning-foerster.de\/index.php?rest_route=%2Fwp%2Fv2%2Ftags&post=10588"}],"curies":[{"name":"wp","href":"https:\/\/api.w.org\/{rel}","templated":true}]}}