{"id":10546,"date":"2018-11-11T11:54:10","date_gmt":"2018-11-11T10:54:10","guid":{"rendered":"http:\/\/henning-foerster.de\/?p=10546"},"modified":"2018-11-13T11:54:55","modified_gmt":"2018-11-13T10:54:55","slug":"mit-freunden-von-der-norwegischen-linken-zu-gast-in-der-schleifmuehle","status":"publish","type":"post","link":"https:\/\/henning-foerster.de\/?p=10546","title":{"rendered":"Mit Freunden von der norwegischen Linken zu Gast in der Schleifm\u00fchle"},"content":{"rendered":"<p>[Not a valid template]<\/p>\n<p style=\"text-align: justify;\">Heute habe ich mit <a class=\"profileLink\" href=\"https:\/\/www.facebook.com\/tom.scheidung?__tn__=K-R&amp;eid=ARAF8xYUBU8COFpPdoP3obku26AZR-Fhpjz7KEwJrRSe9Y6gjfiSdlSMFbzWIEb2irxTgFrKJewqMpUY&amp;fref=mentions&amp;__xts__%5B0%5D=68.ARDwu-PnW8BfwCdcCOS1zoDXC9_So68ViiUmKol_D57ePor5wy87Pth6qxGesJ0ZD1-4jBCwFVfeJW7iroVpRiTVZlxbhDJpbGKFgJZ_u1yPz-SOTUSwkejkaNYHcCrD-cY3cp1rJ-nVzDXoktEAmP5765ORA8TOd8vgh-B6_n1FKRuPCZx-589Md-fFR0q9krj2D8G15lEQAf5LBwWvj_R_SmXiBOkiyJiWovKxkI7KYaayvF8HB-_2yaejpapdvWjhs53wTYP6qiotRjKBq8Ku6UZ1WxREtEj6XpsuJv7B_uhqvKIUMU0YT0dUtC3FqBY9KDLTSKZNiTB91id7HFo\" data-hovercard=\"\/ajax\/hovercard\/user.php?id=100002563086053&amp;extragetparams=%7B%22__tn__%22%3A%22%2CdK-R-R%22%2C%22eid%22%3A%22ARAF8xYUBU8COFpPdoP3obku26AZR-Fhpjz7KEwJrRSe9Y6gjfiSdlSMFbzWIEb2irxTgFrKJewqMpUY%22%2C%22fref%22%3A%22mentions%22%7D\" data-hovercard-prefer-more-content-show=\"1\">Tom Scheidung<\/a> und Claudia Ellmerich eine kleine Delegation norwegischer Freunde von der <a id=\"js_3pp\" class=\"profileLink\" href=\"https:\/\/www.facebook.com\/fredrikstadvenstre\/?__tn__=K-R&amp;eid=ARB7s-tilWPUMwWxMUa6e10hZ1YFmTNZUh4wIGgoMjWPTEJ3PrJ6gwD8If6ksfZMBdtWeTSgi7qzQGvh&amp;fref=mentions&amp;__xts__%5B0%5D=68.ARDwu-PnW8BfwCdcCOS1zoDXC9_So68ViiUmKol_D57ePor5wy87Pth6qxGesJ0ZD1-4jBCwFVfeJW7iroVpRiTVZlxbhDJpbGKFgJZ_u1yPz-SOTUSwkejkaNYHcCrD-cY3cp1rJ-nVzDXoktEAmP5765ORA8TOd8vgh-B6_n1FKRuPCZx-589Md-fFR0q9krj2D8G15lEQAf5LBwWvj_R_SmXiBOkiyJiWovKxkI7KYaayvF8HB-_2yaejpapdvWjhs53wTYP6qiotRjKBq8Ku6UZ1WxREtEj6XpsuJv7B_uhqvKIUMU0YT0dUtC3FqBY9KDLTSKZNiTB91id7HFo\" data-hovercard=\"\/ajax\/hovercard\/page.php?id=259806498252&amp;extragetparams=%7B%22__tn__%22%3A%22%2CdK-R-R%22%2C%22eid%22%3A%22ARB7s-tilWPUMwWxMUa6e10hZ1YFmTNZUh4wIGgoMjWPTEJ3PrJ6gwD8If6ksfZMBdtWeTSgi7qzQGvh%22%2C%22fref%22%3A%22mentions%22%7D\" data-hovercard-prefer-more-content-show=\"1\">Fredrikstad Venstre<\/a> in der <a class=\"profileLink\" href=\"https:\/\/www.facebook.com\/pages\/Schleifm%C3%BChle-Schwerin\/131544933562370?__tn__=K-R&amp;eid=ARCl59KO0ADTI9New6sDRAVVslj7XQj92uLRGU7MQNAKSUXqXov_4hLjrUVpKN3veuhdV3XLQZrNP2X7&amp;fref=mentions&amp;__xts__%5B0%5D=68.ARDwu-PnW8BfwCdcCOS1zoDXC9_So68ViiUmKol_D57ePor5wy87Pth6qxGesJ0ZD1-4jBCwFVfeJW7iroVpRiTVZlxbhDJpbGKFgJZ_u1yPz-SOTUSwkejkaNYHcCrD-cY3cp1rJ-nVzDXoktEAmP5765ORA8TOd8vgh-B6_n1FKRuPCZx-589Md-fFR0q9krj2D8G15lEQAf5LBwWvj_R_SmXiBOkiyJiWovKxkI7KYaayvF8HB-_2yaejpapdvWjhs53wTYP6qiotRjKBq8Ku6UZ1WxREtEj6XpsuJv7B_uhqvKIUMU0YT0dUtC3FqBY9KDLTSKZNiTB91id7HFo\" data-hovercard=\"\/ajax\/hovercard\/page.php?id=131544933562370&amp;extragetparams=%7B%22__tn__%22%3A%22%2CdK-R-R%22%2C%22eid%22%3A%22ARCl59KO0ADTI9New6sDRAVVslj7XQj92uLRGU7MQNAKSUXqXov_4hLjrUVpKN3veuhdV3XLQZrNP2X7%22%2C%22fref%22%3A%22mentions%22%7D\" data-hovercard-prefer-more-content-show=\"1\">Schleifm\u00fchle Schwerin<\/a> empfangen. Den r\u00fchrigen Gastgebern habe ich bei der Gelegenheit gern eine Spende \u00fcbergeben.<\/p>\n","protected":false},"excerpt":{"rendered":"<p>[Not a valid template] Heute habe ich mit Tom Scheidung und Claudia Ellmerich eine kleine Delegation norwegischer Freunde von der Fredrikstad Venstre in der Schleifm\u00fchle Schwerin empfangen. Den r\u00fchrigen Gastgebern habe ich bei der Gelegenheit gern eine Spende \u00fcbergeben.<\/p>\n","protected":false},"author":1,"featured_media":0,"comment_status":"closed","ping_status":"closed","sticky":false,"template":"","format":"standard","meta":{"ngg_post_thumbnail":0,"footnotes":""},"categories":[3],"tags":[],"class_list":["post-10546","post","type-post","status-publish","format-standard","hentry","category-allgemein"],"_links":{"self":[{"href":"https:\/\/henning-foerster.de\/index.php?rest_route=\/wp\/v2\/posts\/10546","targetHints":{"allow":["GET"]}}],"collection":[{"href":"https:\/\/henning-foerster.de\/index.php?rest_route=\/wp\/v2\/posts"}],"about":[{"href":"https:\/\/henning-foerster.de\/index.php?rest_route=\/wp\/v2\/types\/post"}],"author":[{"embeddable":true,"href":"https:\/\/henning-foerster.de\/index.php?rest_route=\/wp\/v2\/users\/1"}],"replies":[{"embeddable":true,"href":"https:\/\/henning-foerster.de\/index.php?rest_route=%2Fwp%2Fv2%2Fcomments&post=10546"}],"version-history":[{"count":1,"href":"https:\/\/henning-foerster.de\/index.php?rest_route=\/wp\/v2\/posts\/10546\/revisions"}],"predecessor-version":[{"id":10548,"href":"https:\/\/henning-foerster.de\/index.php?rest_route=\/wp\/v2\/posts\/10546\/revisions\/10548"}],"wp:attachment":[{"href":"https:\/\/henning-foerster.de\/index.php?rest_route=%2Fwp%2Fv2%2Fmedia&parent=10546"}],"wp:term":[{"taxonomy":"category","embeddable":true,"href":"https:\/\/henning-foerster.de\/index.php?rest_route=%2Fwp%2Fv2%2Fcategories&post=10546"},{"taxonomy":"post_tag","embeddable":true,"href":"https:\/\/henning-foerster.de\/index.php?rest_route=%2Fwp%2Fv2%2Ftags&post=10546"}],"curies":[{"name":"wp","href":"https:\/\/api.w.org\/{rel}","templated":true}]}}