{"id":10488,"date":"2018-10-24T12:19:14","date_gmt":"2018-10-24T10:19:14","guid":{"rendered":"http:\/\/henning-foerster.de\/?p=10488"},"modified":"2018-11-09T12:20:52","modified_gmt":"2018-11-09T11:20:52","slug":"nachtrag-besuchergruppe-im-schloss","status":"publish","type":"post","link":"https:\/\/henning-foerster.de\/?p=10488","title":{"rendered":"Nachtrag Besuchergruppe im Schloss"},"content":{"rendered":"<p>[Not a valid template]<\/p>\n<p style=\"text-align: justify;\">Krankheitsbedingt konnte ich vergangene Woche meine Besuchergruppe, SeniorInnen der Schweriner Volkshochschule nicht selbst empfangen. Mein Dank gilt daher <a class=\"profileLink\" href=\"https:\/\/www.facebook.com\/viktor.micheilis.7?__tn__=K-R&amp;eid=ARDNxqEWUbdny2_M1V9nSaAX0MJA27RxnK2E8-RovFW92aCJrrcr1YUfHQkCkakrlJWR8x5TpluD1Joo&amp;fref=mentions&amp;__xts__%5B0%5D=68.ARBLij1UBX0PAC6ep5JZQgG5e8Y2T8sgr2gn5UNhWyzMeYXgoxDNuBIYYdP9rFa39aMy5PlOkx9j1zrWA1yryDaq7poM-XSDpqihqfWY9DzvMSBXmysniSpqoPXykdrTOoXEr4lkK6C7OxTElVPFnaB09FSwEBhdqV_i0SvZrx2zRCEQUf5ph5dMcqqfuV1Pjw5MM6SV00m0t81dIp6CEJl5\" data-hovercard=\"\/ajax\/hovercard\/user.php?id=100000539413994&amp;extragetparams=%7B%22__tn__%22%3A%22%2CdK-R-R%22%2C%22eid%22%3A%22ARDNxqEWUbdny2_M1V9nSaAX0MJA27RxnK2E8-RovFW92aCJrrcr1YUfHQkCkakrlJWR8x5TpluD1Joo%22%2C%22fref%22%3A%22mentions%22%7D\" data-hovercard-prefer-more-content-show=\"1\">Viktor Micheilis<\/a>, der eine Live Schaltung zur Begr\u00fc\u00dfung erm\u00f6glichte und <a class=\"profileLink\" href=\"https:\/\/www.facebook.com\/profile.php?id=1777822555&amp;__tn__=K-R&amp;eid=ARBuXegFileiWxu27s4U4Idetceg-4MqvKKR-bzuVD9dmWzTZ2TnTJaBB4adDcxv6decD4YpFC7B753P&amp;fref=mentions&amp;__xts__%5B0%5D=68.ARBLij1UBX0PAC6ep5JZQgG5e8Y2T8sgr2gn5UNhWyzMeYXgoxDNuBIYYdP9rFa39aMy5PlOkx9j1zrWA1yryDaq7poM-XSDpqihqfWY9DzvMSBXmysniSpqoPXykdrTOoXEr4lkK6C7OxTElVPFnaB09FSwEBhdqV_i0SvZrx2zRCEQUf5ph5dMcqqfuV1Pjw5MM6SV00m0t81dIp6CEJl5\" data-hovercard=\"\/ajax\/hovercard\/user.php?id=1777822555&amp;extragetparams=%7B%22__tn__%22%3A%22%2CdK-R-R%22%2C%22eid%22%3A%22ARBuXegFileiWxu27s4U4Idetceg-4MqvKKR-bzuVD9dmWzTZ2TnTJaBB4adDcxv6decD4YpFC7B753P%22%2C%22fref%22%3A%22mentions%22%7D\" data-hovercard-prefer-more-content-show=\"1\">Eva-Maria Kr\u00f6ger<\/a> die mich sehr gut vertreten hat.<\/p>\n","protected":false},"excerpt":{"rendered":"<p>[Not a valid template] Krankheitsbedingt konnte ich vergangene Woche meine Besuchergruppe, SeniorInnen der Schweriner Volkshochschule nicht selbst empfangen. Mein Dank gilt daher Viktor Micheilis, der eine Live Schaltung zur Begr\u00fc\u00dfung erm\u00f6glichte und Eva-Maria Kr\u00f6ger die mich sehr gut vertreten hat.<\/p>\n","protected":false},"author":1,"featured_media":0,"comment_status":"closed","ping_status":"closed","sticky":false,"template":"","format":"standard","meta":{"ngg_post_thumbnail":0,"footnotes":""},"categories":[3],"tags":[],"class_list":["post-10488","post","type-post","status-publish","format-standard","hentry","category-allgemein"],"_links":{"self":[{"href":"https:\/\/henning-foerster.de\/index.php?rest_route=\/wp\/v2\/posts\/10488","targetHints":{"allow":["GET"]}}],"collection":[{"href":"https:\/\/henning-foerster.de\/index.php?rest_route=\/wp\/v2\/posts"}],"about":[{"href":"https:\/\/henning-foerster.de\/index.php?rest_route=\/wp\/v2\/types\/post"}],"author":[{"embeddable":true,"href":"https:\/\/henning-foerster.de\/index.php?rest_route=\/wp\/v2\/users\/1"}],"replies":[{"embeddable":true,"href":"https:\/\/henning-foerster.de\/index.php?rest_route=%2Fwp%2Fv2%2Fcomments&post=10488"}],"version-history":[{"count":1,"href":"https:\/\/henning-foerster.de\/index.php?rest_route=\/wp\/v2\/posts\/10488\/revisions"}],"predecessor-version":[{"id":10490,"href":"https:\/\/henning-foerster.de\/index.php?rest_route=\/wp\/v2\/posts\/10488\/revisions\/10490"}],"wp:attachment":[{"href":"https:\/\/henning-foerster.de\/index.php?rest_route=%2Fwp%2Fv2%2Fmedia&parent=10488"}],"wp:term":[{"taxonomy":"category","embeddable":true,"href":"https:\/\/henning-foerster.de\/index.php?rest_route=%2Fwp%2Fv2%2Fcategories&post=10488"},{"taxonomy":"post_tag","embeddable":true,"href":"https:\/\/henning-foerster.de\/index.php?rest_route=%2Fwp%2Fv2%2Ftags&post=10488"}],"curies":[{"name":"wp","href":"https:\/\/api.w.org\/{rel}","templated":true}]}}